{"id":117554,"date":"2025-05-08T06:49:53","date_gmt":"2025-05-08T06:49:53","guid":{"rendered":"https:\/\/northern-cyprus-property.com\/kuzey-kibris-ikametgahi-rehberi-onemli-noktalar-mayis-2025-guncellemesi\/"},"modified":"2026-04-29T16:03:49","modified_gmt":"2026-04-29T16:03:49","slug":"kuzey-kibris-ikametgahi-rehberi-onemli-noktalar-mayis-2025-guncellemesi","status":"publish","type":"post","link":"https:\/\/northern-cyprus-property.com\/tr\/kuzey-kibris-ikametgahi-rehberi-onemli-noktalar-mayis-2025-guncellemesi\/","title":{"rendered":"Kuzey K\u0131br\u0131s Ikametgah\u0131 Rehberi \u2013 \u00d6nemli Noktalar (May\u0131s 2025 G\u00fcncellemesi)"},"content":{"rendered":"\t\t<div data-elementor-type=\"wp-post\" data-elementor-id=\"117554\" class=\"elementor elementor-117554 elementor-108897\">\n\t\t\t\t<div class=\"elementor-element elementor-element-56f06aff e-flex e-con-boxed e-con e-parent\" data-id=\"56f06aff\" data-element_type=\"container\" data-e-type=\"container\">\n\t\t\t\t\t<div class=\"e-con-inner\">\n\t\t\t\t<div class=\"elementor-element elementor-element-2c9c79aa elementor-widget elementor-widget-text-editor\" data-id=\"2c9c79aa\" data-element_type=\"widget\" data-e-type=\"widget\" data-widget_type=\"text-editor.default\">\n\t\t\t\t<div class=\"elementor-widget-container\">\n\t\t\t\t\t\t\t\t\t<div class=\"relative\"><div class=\"prose text-pretty dark:prose-invert inline leading-normal break-words min-w-0 [word-break:break-word]\"><h2 id=\"guide-to-north-cyprus-residency--key-highlights-ma\" class=\"mb-2 mt-6 text-lg font-[500] first:mt-0 dark:font-[475]\">Kuzey K\u0131br\u0131s Ikametgah\u0131 Rehberi \u2013 \u00d6nemli Noktalar (May\u0131s 2025 G\u00fcncellemesi)<\/h2><h2 class=\"mb-xs mt-5 text-base font-[500] first:mt-0 dark:font-[475]\">T\u00fcm Gayrimenkul Al\u0131c\u0131lar\u0131 \u0130\u00e7in Yeni 5 Y\u0131ll\u0131k \u0130kametgin Vizesi<\/h2><p class=\"my-0\"><strong>1 May\u0131s 2025<\/strong> itibar\u0131yla Kuzey K\u0131br\u0131s h\u00fck\u00fcmeti \u00f6nemli bir g\u00fcncelleme ba\u015flatt\u0131:<\/p><ul class=\"marker:text-textOff list-disc\"><li><p class=\"my-0\">Ad\u0131na tapu olan <strong>t\u00fcm yurtd\u0131\u015f\u0131 gayrimenkul al\u0131c\u0131lar\u0131<\/strong> art\u0131k gelir \u015fart\u0131 olmadan <strong>5 y\u0131ll\u0131k ikamet vizesi<\/strong> <strong>ba\u015fvurusunda<\/strong> bulunabilir.<\/p><\/li><li><p class=\"my-0\">Bu, <strong>her ya\u015ftan<\/strong> al\u0131c\u0131 i\u00e7in ge\u00e7erlidir ve Kuzey K\u0131br\u0131s&#8217;taki ikamet ile uyumlu<\/p><\/li><li><p class=\"my-0\">Daha \u00f6nce, sadece 60 ya\u015f \u00fcst\u00fc al\u0131c\u0131lar Vize Muafiyet Program\u0131 kapsam\u0131nda 5 y\u0131ll\u0131k vize almaya hak kazan\u0131yordu.<\/p><\/li><li><p class=\"my-0\">60 ya\u015f alt\u0131 al\u0131c\u0131lar\u0131n gelir kan\u0131tlamas\u0131 gerekiyordu (asgari \u00fccret e\u015fde\u011feri) ve sadece 1 veya 2 y\u0131ll\u0131k vize alabiliyordu.<\/p><\/li><\/ul><h2 class=\"mb-xs mt-5 text-base font-[500] first:mt-0 dark:font-[475]\">Aile Ikamet Haklar\u0131<\/h2><ul class=\"marker:text-textOff list-disc\"><li><p class=\"my-0\">M\u00fclk sahipleri, e\u015fini\/partnerini ayn\u0131 5 y\u0131ll\u0131k ikamet s\u00fcresi i\u00e7in sponsor edebilir.<\/p><\/li><li><p class=\"my-0\">Kuzey K\u0131br\u0131s&#8217;ta okula giden 18 ya\u015f alt\u0131 \u00e7ocuklar\u0131n art\u0131k ayr\u0131 ba\u015fvuru yapmalar\u0131 veya gelir kan\u0131t\u0131 g\u00f6stermeleri gerekmez.<\/p><\/li><\/ul><h2 id=\"residency-visa-types-based-on-purchase-stage\" class=\"mb-2 mt-6 text-lg font-[500] first:mt-0 dark:font-[475]\">Sat\u0131n alma a\u015famas\u0131na g\u00f6re ikamet vizesi t\u00fcrleri<\/h2><div class=\"group relative\"><div class=\"w-full overflow-x-auto md:max-w-[90vw] border-borderMain\/50 ring-borderMain\/50 divide-borderMain\/50 dark:divide-borderMainDark\/50 dark:ring-borderMainDark\/50 dark:border-borderMainDark\/50 bg-transparent\"><table class=\"border-borderMain dark:border-borderMainDark my-[1em] w-full table-auto border\"><thead class=\"bg-offset dark:bg-offsetDark\"><tr><th class=\"px-sm py-sm break-normal align-top\">Sat\u0131n Alma A\u015famas\u0131<\/th><th class=\"px-sm py-sm break-normal align-top\">Vize T\u00fcr\u00fc<\/th><th class=\"px-sm py-sm break-normal align-top\">S\u00fcre<\/th><th class=\"px-sm py-sm break-normal align-top\">Gelir Gereksinimi<\/th><\/tr><\/thead><tbody><tr><td class=\"border-borderMain px-sm dark:border-borderMainDark min-w-[48px] break-normal border\">Sadece Sat\u0131\u015f S\u00f6zle\u015fmesi<\/td><td class=\"border-borderMain px-sm dark:border-borderMainDark min-w-[48px] break-normal border\">Ziyaret\u00e7i Vizesi<\/td><td class=\"border-borderMain px-sm dark:border-borderMainDark min-w-[48px] break-normal border\">90 G\u00fcne<\/td><td class=\"border-borderMain px-sm dark:border-borderMainDark min-w-[48px] break-normal border\">Kadar Yok<\/td><\/tr><tr><td class=\"border-borderMain px-sm dark:border-borderMainDark min-w-[48px] break-normal border\">Sadece Sat\u0131\u015f S\u00f6zle\u015fmesi (Ikamet)<\/td> <td class=\"border-borderMain px-sm dark:border-borderMainDark min-w-[48px] break-normal border\">\u0130kamet Vizesi<\/td><td class=\"border-borderMain px-sm dark:border-borderMainDark min-w-[48px] break-normal border\">2<\/td><td class=\"border-borderMain px-sm dark:border-borderMainDark min-w-[48px] break-normal border\">y\u0131l Gelir kan\u0131t\u0131 gereklidir<\/td><\/tr><tr><td class=\"border-borderMain px-sm dark:border-borderMainDark min-w-[48px] break-normal border\">Sat\u0131\u015f S\u00f6zle\u015fmesi + Sat\u0131n Alma \u0130zni (P2)<\/td><td class=\"border-borderMain px-sm dark:border-borderMainDark min-w-[48px] break-normal border\">5 y\u0131ll\u0131k \u0130kamet Vizesi<\/td><td class=\"border-borderMain px-sm dark:border-borderMainDark min-w-[48px] break-normal border\"><\/td><td class=\"border-borderMain px-sm dark:border-borderMainDark min-w-[48px] break-normal border\">Gelir Kan\u0131t\u0131 Gereklidir<\/td><\/tr><tr><td class=\"border-borderMain px-sm dark:border-borderMainDark min-w-[48px] break-normal border\">Tapu Al\u0131c\u0131 Ad\u0131na<\/td><td class=\"border-borderMain px-sm dark:border-borderMainDark min-w-[48px] break-normal border\">Ikamet Vizesi<\/td><td class=\"border-borderMain px-sm dark:border-borderMainDark min-w-[48px] break-normal border\">5 y\u0131l<\/td><td class=\"border-borderMain px-sm dark:border-borderMainDark min-w-[48px] break-normal border\">Gelir kan\u0131t\u0131 gerekmez<\/td><\/tr><\/tbody><\/table><\/div><div class=\"px-two bg-background border-border shadow-subtle pointer-coarse:opacity-100 right-xs absolute bottom-0 flex gap-2 rounded-lg border py-px opacity-0 transition-opacity group-hover:opacity-100\"><div><div class=\"flex items-center min-w-0 font-medium gap-1 justify-center\"><div class=\"flex shrink-0 items-center justify-center size-3.5\"> <\/div><\/div><\/div><\/div><\/div><ul class=\"marker:text-textOff list-disc\"><li><p class=\"my-0\"><strong>Not:<\/strong> Tam sat\u0131n alma s\u00fcreci (s\u00f6zle\u015fme \u2192 tapu sat\u0131n alma izni) \u2192 tapu izni) 18 aya kadar s\u00fcrebilir.<\/p><\/li><li><p class=\"my-0\">Ziyaret\u00e7i vizeleri 90 g\u00fcne kadar uzat\u0131labilir ancak y\u0131lda iki ard\u0131\u015f\u0131k olarak yenilenemez.<\/p><\/li><\/ul><h2 id=\"important-notes\" class=\"mb-2 mt-6 text-lg font-[500] first:mt-0 dark:font-[475]\">\u00d6nemli Notlar<\/h2><ul class=\"marker:text-textOff list-disc\"><li><p class=\"my-0\"><strong>Sadece m\u00fclkiyet otomatik ikamet hakk\u0131 vermez<\/strong>; Vize i\u00e7in ba\u015fvurmal\u0131s\u0131n\u0131z.<\/p><\/li><li><p class=\"my-0\">Uzun vadeli kirac\u0131lar ikamet ba\u015fvurusu yapabilir, ancak gelir gereksinimleri (3 kat\u0131na kadar asgari \u00fccret) ve vatanda\u015fl\u0131\u011fa \u00f6zg\u00fc kurallarla kar\u015f\u0131 kar\u015f\u0131yalar.<\/p><\/li><li><p class=\"my-0\">Y\u00fcz y\u00fcze yard\u0131m i\u00e7in The Foreign Residents (TFR) ile Facebook sayfas\u0131 \u00fczerinden ileti\u015fime ge\u00e7ebilir veya Kuzey K\u0131br\u0131s&#8217;taki haftal\u0131k kliniklere kat\u0131labilirsiniz.<\/p><\/li><li><p class=\"my-0\">KKTC&#8217;nin asgari \u00fccreti yakla\u015f\u0131k \u00a310.000\/y\u0131ld\u0131r (d\u00f6viz dalgalanmalar\u0131na tabiti).<\/p><\/li><li><p class=\"my-0\">Bu kurallar yenidir ve g\u00fcncellenebilir; her zaman TFR Facebook sayfas\u0131nda veya resmi h\u00fck\u00fcmet portallar\u0131nda en g\u00fcncel bilgileri kontrol edin.<\/p><\/li><\/ul><h2 id=\"official-statement-from-trnc-prime-minister-nal-st\" class=\"mb-2 mt-6 text-lg font-[500] first:mt-0 dark:font-[475]\">KKTC Ba\u015fbakan\u0131 \u00dcnal \u00dcstel&#8217;in Resmi A\u00e7\u0131klamas\u0131<\/h2><blockquote><p class=\"my-0\">&#8220;\u00dclkemizde ya\u015fayan toplumun her kesiminin hayat\u0131na do\u011frudan dokunan ad\u0131mlar\u0131 kararl\u0131l\u0131kla uygulamaya devam ediyoruz. Sosyal devlet anlay\u0131\u015f\u0131m\u0131z, hem vatanda\u015flar\u0131m\u0131z\u0131 hem de \u00fclkemizde bize yat\u0131r\u0131m yapan, \u00fcreten ve katk\u0131da bulunan herkesi kapsayan bir anlay\u0131\u015ft\u0131r. Bu d\u00fczenlemelerin daha bar\u0131\u015f\u00e7\u0131l bir toplumsal ya\u015fam, daha g\u00fc\u00e7l\u00fc bir ekonomik yap\u0131 ve daha \u00e7a\u011fda\u015f bir kamu y\u00f6netimi i\u00e7in sa\u011flam bir temel olu\u015fturaca\u011f\u0131na inan\u0131yorum.&#8221;<\/p><\/blockquote><p class=\"my-0\">Oturma vizesi ba\u015fvurunuzla ilgili detayl\u0131 yard\u0131ma ihtiyac\u0131n\u0131z varsa veya \u00f6zel sorular\u0131n\u0131z varsa, TFR veya Kuzey K\u0131br\u0131s&#8217;ta nitelikli bir hukuk dan\u0131\u015fman\u0131yla ileti\u015fime ge\u00e7meniz \u00f6nerilir.<\/p><\/div><\/div><p>Kuzey K\u0131br\u0131s&#8217;ta ikamet dan\u0131\u015fmanl\u0131\u011f\u0131 i\u00e7in uzman vekil \u00d6zyar Turgut ile ileti\u015fime ge\u00e7ebilirsiniz. Hukuk fak\u00fcltesi mezunudur ve Girne&#8217;de m\u00fclkiyet ta\u015f\u0131mac\u0131l\u0131\u011f\u0131 konusunda uzmanla\u015fm\u0131\u015ft\u0131r. <a href=\"https:\/\/ozyarturgut.com\/\" target=\"_blank\" rel=\"noopener\">\u00d6zyar Turgut<\/a> , hem yerel hem de uluslararas\u0131 m\u00fc\u015fterilere gayrimenkul al\u0131m, sat\u0131\u015f ve ikamet prosed\u00fcrlerinin t\u00fcm y\u00f6nlerinde kapsaml\u0131 hukuki dan\u0131\u015fmanl\u0131k ve yard\u0131m sa\u011flar <\/p><p> <\/p>\t\t\t\t\t\t\t\t<\/div>\n\t\t\t\t<\/div>\n\t\t\t\t\t<\/div>\n\t\t\t\t<\/div>\n\t\t\t\t<\/div>\n\t\t","protected":false},"excerpt":{"rendered":"<p>Kuzey K\u0131br\u0131s Ikametgah\u0131 Rehberi \u2013 \u00d6nemli Noktalar (May\u0131s 2025 G\u00fcncellemesi) T\u00fcm Gayrimenkul Al\u0131c\u0131lar\u0131 \u0130\u00e7in Yeni 5 Y\u0131ll\u0131k \u0130kametgin Vizesi 1 May\u0131s 2025 itibar\u0131yla Kuzey K\u0131br\u0131s h\u00fck\u00fcmeti \u00f6nemli bir g\u00fcncelleme ba\u015flatt\u0131: Ad\u0131na tapu olan t\u00fcm yurtd\u0131\u015f\u0131 gayrimenkul al\u0131c\u0131lar\u0131 art\u0131k gelir \u015fart\u0131 olmadan 5 y\u0131ll\u0131k ikamet vizesi ba\u015fvurusunda bulunabilir. Bu, her ya\u015ftan al\u0131c\u0131 i\u00e7in ge\u00e7erlidir ve Kuzey [&hellip;]<\/p>\n","protected":false},"author":1,"featured_media":108900,"comment_status":"closed","ping_status":"closed","sticky":false,"template":"","format":"standard","meta":{"footnotes":""},"categories":[605],"tags":[],"class_list":["post-117554","post","type-post","status-publish","format-standard","has-post-thumbnail","hentry","category-ikametgah"],"_links":{"self":[{"href":"https:\/\/northern-cyprus-property.com\/tr\/wp-json\/wp\/v2\/posts\/117554","targetHints":{"allow":["GET"]}}],"collection":[{"href":"https:\/\/northern-cyprus-property.com\/tr\/wp-json\/wp\/v2\/posts"}],"about":[{"href":"https:\/\/northern-cyprus-property.com\/tr\/wp-json\/wp\/v2\/types\/post"}],"author":[{"embeddable":true,"href":"https:\/\/northern-cyprus-property.com\/tr\/wp-json\/wp\/v2\/users\/1"}],"replies":[{"embeddable":true,"href":"https:\/\/northern-cyprus-property.com\/tr\/wp-json\/wp\/v2\/comments?post=117554"}],"version-history":[{"count":1,"href":"https:\/\/northern-cyprus-property.com\/tr\/wp-json\/wp\/v2\/posts\/117554\/revisions"}],"predecessor-version":[{"id":117556,"href":"https:\/\/northern-cyprus-property.com\/tr\/wp-json\/wp\/v2\/posts\/117554\/revisions\/117556"}],"wp:featuredmedia":[{"embeddable":true,"href":"https:\/\/northern-cyprus-property.com\/tr\/wp-json\/wp\/v2\/media\/108900"}],"wp:attachment":[{"href":"https:\/\/northern-cyprus-property.com\/tr\/wp-json\/wp\/v2\/media?parent=117554"}],"wp:term":[{"taxonomy":"category","embeddable":true,"href":"https:\/\/northern-cyprus-property.com\/tr\/wp-json\/wp\/v2\/categories?post=117554"},{"taxonomy":"post_tag","embeddable":true,"href":"https:\/\/northern-cyprus-property.com\/tr\/wp-json\/wp\/v2\/tags?post=117554"}],"curies":[{"name":"wp","href":"https:\/\/api.w.org\/{rel}","templated":true}]}}